{"id":1928,"date":"2007-10-11T10:58:00","date_gmt":"2007-10-11T08:58:00","guid":{"rendered":"https:\/\/www.parlemucorsu.corsica\/2007\/10\/11\/l11-duttrovi-2007-a-lettara-a-u-rittori-dopu-a-a-pulemica-di-lecole-annexe-daiacciu\/"},"modified":"2026-02-06T09:45:12","modified_gmt":"2026-02-06T08:45:12","slug":"l11-duttrovi-2007-a-lettara-a-u-rittori-dopu-a-a-pulemica-di-lecole-annexe-daiacciu","status":"publish","type":"post","link":"https:\/\/www.parlemucorsu.corsica\/cc\/archivii\/l11-duttrovi-2007-a-lettara-a-u-rittori-dopu-a-a-pulemica-di-lecole-annexe-daiacciu\/","title":{"rendered":"A l\u00e8ttara \u00e0 u rittori dopu \u00e0 a pul\u00e8mica di &#8220;l\u2019\u00e9cole annexe&#8221; d\u2019Aiacciu"},"content":{"rendered":"<div style=\"text-align: justify;\"><span style=\"font-size: x-small;\">Monsieur le Recteur,<\/span><\/div>\n<div style=\"text-align: justify;\"><span style=\"font-size: x-small;\">Nous avons appris avec stup\u00e9faction, ce qui se passait \u00e0 l\u2019\u00e9cole annexe d\u2019Ajaccio. Nous savons aussi que l\u2019Inspecteur d\u2019Acad\u00e9mie de la Corse du Sud a r\u00e9agi rapidement et de mani\u00e8re n\u00e9gative \u00e0 la demande group\u00e9e de plusieurs parents d\u2019\u00e9l\u00e8ves de ne pas voir leurs enfants suivre un enseignement en langue corse.<\/span><\/div>\n<div style=\"text-align: justify;\"><\/div>\n<div style=\"text-align: justify;\"><span style=\"font-size: x-small;\">Pour autant, cette affaire, qu\u2019elle se d\u00e9roule ou pas sur fonds d\u2019\u00e9lections de parents d\u2019\u00e9l\u00e8ves, nous inqui\u00e8te. Elle nous replonge vingt ans en arri\u00e8re. Elle t\u00e9moigne, selon nous, d\u2019un rejet de la culture corse. Le mot de tentation communautariste n\u2019est pas trop fort pour qualifier l\u2019attitude de ces parents d\u2019\u00e9l\u00e8ves. Le risque d\u2019effet \u00ab boule de neige \u00bb m\u00e9ritait, comme vos services l\u2019ont fait, un rappel public du droit.<\/span><\/div>\n<div style=\"text-align: justify;\"><\/div>\n<div style=\"text-align: justify;\"><span style=\"font-size: x-small;\">Enfin, cette initiative est d\u2019autant plus \u00ab malheureuse \u00bb qu\u2019elle intervient alors que le plan de la Collectivit\u00e9 Territoriale de Corse pour le d\u00e9veloppement de la langue corse a \u00e9t\u00e9 adopt\u00e9 de mani\u00e8re unanime par tous les \u00e9lus. Ceci prouve bien que le conflit id\u00e9ologique \u00e0 propos de la langue corse est enfin d\u00e9pass\u00e9.<\/span><\/div>\n<div style=\"text-align: justify;\"><\/div>\n<div style=\"text-align: justify;\"><span style=\"font-size: x-small;\">Nous voulons croire que cette affaire est et restera isol\u00e9e et qu\u2019elle n\u2019a pas \u00e9t\u00e9 orchestr\u00e9e. Rien ne serait plus d\u00e9solant, en effet, qu\u2019elle serve de pr\u00e9texte \u00e0 retarder la mise en place de la g\u00e9n\u00e9ralisation du bilinguisme programm\u00e9e dans le primaire. Si cela s\u2019av\u00e9rait \u00eatre le cas, nous serons l\u00e0 pour le d\u00e9noncer publiquement<\/span><\/div>\n<div style=\"text-align: justify;\"><span style=\"font-size: x-small;\">Nous sommes persuad\u00e9s que vous comprenez le souci qui est le n\u00f4tre, et, npus vous prions de croire en l\u2019expression de notre meilleure consid\u00e9ration.<\/span><\/div>\n<div style=\"text-align: justify;\"><\/div>\n<div style=\"text-align: justify;\"><\/div>\n<div style=\"text-align: justify;\"><\/div>\n<div style=\"text-align: justify;\"><\/div>\n<div style=\"text-align: justify;\"><\/div>\n<div style=\"text-align: justify;\"><\/div>\n<div style=\"text-align: justify;\"><\/div>\n","protected":false},"excerpt":{"rendered":"<p>Monsieur le Recteur, Nous avons appris avec stup\u00e9faction, ce qui se passait \u00e0 l\u2019\u00e9cole annexe d\u2019Ajaccio. Nous savons aussi que [&hellip;]<\/p>\n","protected":false},"author":4,"featured_media":0,"comment_status":"closed","ping_status":"open","sticky":false,"template":"","format":"standard","meta":{"footnotes":""},"categories":[62],"tags":[],"class_list":["post-1928","post","type-post","status-publish","format-standard","hentry","category-archivii"],"yoast_head":"<!-- This site is optimized with the Yoast SEO plugin v27.4 - https:\/\/yoast.com\/product\/yoast-seo-wordpress\/ -->\n<title>A l\u00e8ttara \u00e0 u rittori dopu \u00e0 a pul\u00e8mica di &quot;l\u2019\u00e9cole annexe&quot; d\u2019Aiacciu |<\/title>\n<meta name=\"description\" content=\"Collectif pour le faire vivre et d\u00e9velopper la langue corse.\" \/>\n<meta name=\"robots\" content=\"index, follow, max-snippet:-1, max-image-preview:large, max-video-preview:-1\" \/>\n<link rel=\"canonical\" href=\"https:\/\/www.parlemucorsu.corsica\/archivii\/l11-duttrovi-2007-a-lettara-a-u-rittori-dopu-a-a-pulemica-di-lecole-annexe-daiacciu\/\" \/>\n<meta property=\"og:locale\" content=\"en_US\" \/>\n<meta property=\"og:type\" content=\"article\" \/>\n<meta property=\"og:title\" content=\"A l\u00e8ttara \u00e0 u rittori dopu \u00e0 a pul\u00e8mica di &quot;l\u2019\u00e9cole annexe&quot; d\u2019Aiacciu |\" \/>\n<meta property=\"og:description\" content=\"Collectif pour le faire vivre et d\u00e9velopper la langue corse.\" \/>\n<meta property=\"og:url\" content=\"https:\/\/www.parlemucorsu.corsica\/archivii\/l11-duttrovi-2007-a-lettara-a-u-rittori-dopu-a-a-pulemica-di-lecole-annexe-daiacciu\/\" \/>\n<meta property=\"og:site_name\" content=\"Parlemu Corsu\" \/>\n<meta property=\"article:publisher\" content=\"https:\/\/www.facebook.com\/cullittivuparlemucorsu\/\" \/>\n<meta property=\"article:published_time\" content=\"2007-10-11T08:58:00+00:00\" \/>\n<meta property=\"article:modified_time\" content=\"2026-02-06T08:45:12+00:00\" \/>\n<meta name=\"author\" content=\"Micheli Leccia\" \/>\n<meta name=\"twitter:card\" content=\"summary_large_image\" \/>\n<meta name=\"twitter:creator\" content=\"@parlemucorsu\" \/>\n<meta name=\"twitter:site\" content=\"@parlemucorsu\" \/>\n<meta name=\"twitter:label1\" content=\"Written by\" \/>\n\t<meta name=\"twitter:data1\" content=\"Micheli Leccia\" \/>\n\t<meta name=\"twitter:label2\" content=\"Est. reading time\" \/>\n\t<meta name=\"twitter:data2\" content=\"2 minutes\" \/>\n<script type=\"application\/ld+json\" class=\"yoast-schema-graph\">{\"@context\":\"https:\\\/\\\/schema.org\",\"@graph\":[{\"@type\":\"Article\",\"@id\":\"https:\\\/\\\/www.parlemucorsu.corsica\\\/archivii\\\/l11-duttrovi-2007-a-lettara-a-u-rittori-dopu-a-a-pulemica-di-lecole-annexe-daiacciu\\\/#article\",\"isPartOf\":{\"@id\":\"https:\\\/\\\/www.parlemucorsu.corsica\\\/archivii\\\/l11-duttrovi-2007-a-lettara-a-u-rittori-dopu-a-a-pulemica-di-lecole-annexe-daiacciu\\\/\"},\"author\":{\"name\":\"Micheli Leccia\",\"@id\":\"https:\\\/\\\/www.parlemucorsu.corsica\\\/#\\\/schema\\\/person\\\/91b9eb47eb7c965eabd0f704af42e869\"},\"headline\":\"A l\u00e8ttara \u00e0 u rittori dopu \u00e0 a pul\u00e8mica di &#8220;l\u2019\u00e9cole annexe&#8221; d\u2019Aiacciu\",\"datePublished\":\"2007-10-11T08:58:00+00:00\",\"dateModified\":\"2026-02-06T08:45:12+00:00\",\"mainEntityOfPage\":{\"@id\":\"https:\\\/\\\/www.parlemucorsu.corsica\\\/archivii\\\/l11-duttrovi-2007-a-lettara-a-u-rittori-dopu-a-a-pulemica-di-lecole-annexe-daiacciu\\\/\"},\"wordCount\":314,\"publisher\":{\"@id\":\"https:\\\/\\\/www.parlemucorsu.corsica\\\/#organization\"},\"articleSection\":[\"Archivii\"],\"inLanguage\":\"cc-Cc\"},{\"@type\":\"WebPage\",\"@id\":\"https:\\\/\\\/www.parlemucorsu.corsica\\\/archivii\\\/l11-duttrovi-2007-a-lettara-a-u-rittori-dopu-a-a-pulemica-di-lecole-annexe-daiacciu\\\/\",\"url\":\"https:\\\/\\\/www.parlemucorsu.corsica\\\/archivii\\\/l11-duttrovi-2007-a-lettara-a-u-rittori-dopu-a-a-pulemica-di-lecole-annexe-daiacciu\\\/\",\"name\":\"A l\u00e8ttara \u00e0 u rittori dopu \u00e0 a pul\u00e8mica di \\\"l\u2019\u00e9cole annexe\\\" d\u2019Aiacciu |\",\"isPartOf\":{\"@id\":\"https:\\\/\\\/www.parlemucorsu.corsica\\\/#website\"},\"datePublished\":\"2007-10-11T08:58:00+00:00\",\"dateModified\":\"2026-02-06T08:45:12+00:00\",\"description\":\"Collectif pour le faire vivre et d\u00e9velopper la langue corse.\",\"breadcrumb\":{\"@id\":\"https:\\\/\\\/www.parlemucorsu.corsica\\\/archivii\\\/l11-duttrovi-2007-a-lettara-a-u-rittori-dopu-a-a-pulemica-di-lecole-annexe-daiacciu\\\/#breadcrumb\"},\"inLanguage\":\"cc-Cc\",\"potentialAction\":[{\"@type\":\"ReadAction\",\"target\":[\"https:\\\/\\\/www.parlemucorsu.corsica\\\/archivii\\\/l11-duttrovi-2007-a-lettara-a-u-rittori-dopu-a-a-pulemica-di-lecole-annexe-daiacciu\\\/\"]}]},{\"@type\":\"BreadcrumbList\",\"@id\":\"https:\\\/\\\/www.parlemucorsu.corsica\\\/archivii\\\/l11-duttrovi-2007-a-lettara-a-u-rittori-dopu-a-a-pulemica-di-lecole-annexe-daiacciu\\\/#breadcrumb\",\"itemListElement\":[{\"@type\":\"ListItem\",\"position\":1,\"name\":\"Accueil\",\"item\":\"https:\\\/\\\/www.parlemucorsu.corsica\\\/cc\\\/\"},{\"@type\":\"ListItem\",\"position\":2,\"name\":\"A l\u00e8ttara \u00e0 u rittori dopu \u00e0 a pul\u00e8mica di &#8220;l\u2019\u00e9cole annexe&#8221; d\u2019Aiacciu\"}]},{\"@type\":\"WebSite\",\"@id\":\"https:\\\/\\\/www.parlemucorsu.corsica\\\/#website\",\"url\":\"https:\\\/\\\/www.parlemucorsu.corsica\\\/\",\"name\":\"Parlemu Corsu !\",\"description\":\"\",\"publisher\":{\"@id\":\"https:\\\/\\\/www.parlemucorsu.corsica\\\/#organization\"},\"potentialAction\":[{\"@type\":\"SearchAction\",\"target\":{\"@type\":\"EntryPoint\",\"urlTemplate\":\"https:\\\/\\\/www.parlemucorsu.corsica\\\/?s={search_term_string}\"},\"query-input\":{\"@type\":\"PropertyValueSpecification\",\"valueRequired\":true,\"valueName\":\"search_term_string\"}}],\"inLanguage\":\"cc-Cc\"},{\"@type\":\"Organization\",\"@id\":\"https:\\\/\\\/www.parlemucorsu.corsica\\\/#organization\",\"name\":\"Parlemu Corsu !\",\"url\":\"https:\\\/\\\/www.parlemucorsu.corsica\\\/\",\"logo\":{\"@type\":\"ImageObject\",\"inLanguage\":\"cc-Cc\",\"@id\":\"https:\\\/\\\/www.parlemucorsu.corsica\\\/#\\\/schema\\\/logo\\\/image\\\/\",\"url\":\"https:\\\/\\\/www.parlemucorsu.corsica\\\/wp-content\\\/uploads\\\/2025\\\/10\\\/Logo-Parlemu-Corsu.png\",\"contentUrl\":\"https:\\\/\\\/www.parlemucorsu.corsica\\\/wp-content\\\/uploads\\\/2025\\\/10\\\/Logo-Parlemu-Corsu.png\",\"width\":494,\"height\":579,\"caption\":\"Parlemu Corsu !\"},\"image\":{\"@id\":\"https:\\\/\\\/www.parlemucorsu.corsica\\\/#\\\/schema\\\/logo\\\/image\\\/\"},\"sameAs\":[\"https:\\\/\\\/www.facebook.com\\\/cullittivuparlemucorsu\\\/\",\"https:\\\/\\\/x.com\\\/parlemucorsu\",\"https:\\\/\\\/www.instagram.com\\\/parlemu_corsu\\\/\"]},{\"@type\":\"Person\",\"@id\":\"https:\\\/\\\/www.parlemucorsu.corsica\\\/#\\\/schema\\\/person\\\/91b9eb47eb7c965eabd0f704af42e869\",\"name\":\"Micheli Leccia\",\"image\":{\"@type\":\"ImageObject\",\"inLanguage\":\"cc-Cc\",\"@id\":\"https:\\\/\\\/secure.gravatar.com\\\/avatar\\\/f8177194ccd8b7362121ce83ff5d71e876b7954fa46592a57681c1f6606fc56d?s=96&d=mm&r=g\",\"url\":\"https:\\\/\\\/secure.gravatar.com\\\/avatar\\\/f8177194ccd8b7362121ce83ff5d71e876b7954fa46592a57681c1f6606fc56d?s=96&d=mm&r=g\",\"contentUrl\":\"https:\\\/\\\/secure.gravatar.com\\\/avatar\\\/f8177194ccd8b7362121ce83ff5d71e876b7954fa46592a57681c1f6606fc56d?s=96&d=mm&r=g\",\"caption\":\"Micheli Leccia\"},\"url\":\"https:\\\/\\\/www.parlemucorsu.corsica\\\/cc\\\/author\\\/micheli-leccia\\\/\"}]}<\/script>\n<!-- \/ Yoast SEO plugin. -->","yoast_head_json":{"title":"A l\u00e8ttara \u00e0 u rittori dopu \u00e0 a pul\u00e8mica di \"l\u2019\u00e9cole annexe\" d\u2019Aiacciu |","description":"Collectif pour le faire vivre et d\u00e9velopper la langue corse.","robots":{"index":"index","follow":"follow","max-snippet":"max-snippet:-1","max-image-preview":"max-image-preview:large","max-video-preview":"max-video-preview:-1"},"canonical":"https:\/\/www.parlemucorsu.corsica\/archivii\/l11-duttrovi-2007-a-lettara-a-u-rittori-dopu-a-a-pulemica-di-lecole-annexe-daiacciu\/","og_locale":"en_US","og_type":"article","og_title":"A l\u00e8ttara \u00e0 u rittori dopu \u00e0 a pul\u00e8mica di \"l\u2019\u00e9cole annexe\" d\u2019Aiacciu |","og_description":"Collectif pour le faire vivre et d\u00e9velopper la langue corse.","og_url":"https:\/\/www.parlemucorsu.corsica\/archivii\/l11-duttrovi-2007-a-lettara-a-u-rittori-dopu-a-a-pulemica-di-lecole-annexe-daiacciu\/","og_site_name":"Parlemu Corsu","article_publisher":"https:\/\/www.facebook.com\/cullittivuparlemucorsu\/","article_published_time":"2007-10-11T08:58:00+00:00","article_modified_time":"2026-02-06T08:45:12+00:00","author":"Micheli Leccia","twitter_card":"summary_large_image","twitter_creator":"@parlemucorsu","twitter_site":"@parlemucorsu","twitter_misc":{"Written by":"Micheli Leccia","Est. reading time":"2 minutes"},"schema":{"@context":"https:\/\/schema.org","@graph":[{"@type":"Article","@id":"https:\/\/www.parlemucorsu.corsica\/archivii\/l11-duttrovi-2007-a-lettara-a-u-rittori-dopu-a-a-pulemica-di-lecole-annexe-daiacciu\/#article","isPartOf":{"@id":"https:\/\/www.parlemucorsu.corsica\/archivii\/l11-duttrovi-2007-a-lettara-a-u-rittori-dopu-a-a-pulemica-di-lecole-annexe-daiacciu\/"},"author":{"name":"Micheli Leccia","@id":"https:\/\/www.parlemucorsu.corsica\/#\/schema\/person\/91b9eb47eb7c965eabd0f704af42e869"},"headline":"A l\u00e8ttara \u00e0 u rittori dopu \u00e0 a pul\u00e8mica di &#8220;l\u2019\u00e9cole annexe&#8221; d\u2019Aiacciu","datePublished":"2007-10-11T08:58:00+00:00","dateModified":"2026-02-06T08:45:12+00:00","mainEntityOfPage":{"@id":"https:\/\/www.parlemucorsu.corsica\/archivii\/l11-duttrovi-2007-a-lettara-a-u-rittori-dopu-a-a-pulemica-di-lecole-annexe-daiacciu\/"},"wordCount":314,"publisher":{"@id":"https:\/\/www.parlemucorsu.corsica\/#organization"},"articleSection":["Archivii"],"inLanguage":"cc-Cc"},{"@type":"WebPage","@id":"https:\/\/www.parlemucorsu.corsica\/archivii\/l11-duttrovi-2007-a-lettara-a-u-rittori-dopu-a-a-pulemica-di-lecole-annexe-daiacciu\/","url":"https:\/\/www.parlemucorsu.corsica\/archivii\/l11-duttrovi-2007-a-lettara-a-u-rittori-dopu-a-a-pulemica-di-lecole-annexe-daiacciu\/","name":"A l\u00e8ttara \u00e0 u rittori dopu \u00e0 a pul\u00e8mica di \"l\u2019\u00e9cole annexe\" d\u2019Aiacciu |","isPartOf":{"@id":"https:\/\/www.parlemucorsu.corsica\/#website"},"datePublished":"2007-10-11T08:58:00+00:00","dateModified":"2026-02-06T08:45:12+00:00","description":"Collectif pour le faire vivre et d\u00e9velopper la langue corse.","breadcrumb":{"@id":"https:\/\/www.parlemucorsu.corsica\/archivii\/l11-duttrovi-2007-a-lettara-a-u-rittori-dopu-a-a-pulemica-di-lecole-annexe-daiacciu\/#breadcrumb"},"inLanguage":"cc-Cc","potentialAction":[{"@type":"ReadAction","target":["https:\/\/www.parlemucorsu.corsica\/archivii\/l11-duttrovi-2007-a-lettara-a-u-rittori-dopu-a-a-pulemica-di-lecole-annexe-daiacciu\/"]}]},{"@type":"BreadcrumbList","@id":"https:\/\/www.parlemucorsu.corsica\/archivii\/l11-duttrovi-2007-a-lettara-a-u-rittori-dopu-a-a-pulemica-di-lecole-annexe-daiacciu\/#breadcrumb","itemListElement":[{"@type":"ListItem","position":1,"name":"Accueil","item":"https:\/\/www.parlemucorsu.corsica\/cc\/"},{"@type":"ListItem","position":2,"name":"A l\u00e8ttara \u00e0 u rittori dopu \u00e0 a pul\u00e8mica di &#8220;l\u2019\u00e9cole annexe&#8221; d\u2019Aiacciu"}]},{"@type":"WebSite","@id":"https:\/\/www.parlemucorsu.corsica\/#website","url":"https:\/\/www.parlemucorsu.corsica\/","name":"Parlemu Corsu !","description":"","publisher":{"@id":"https:\/\/www.parlemucorsu.corsica\/#organization"},"potentialAction":[{"@type":"SearchAction","target":{"@type":"EntryPoint","urlTemplate":"https:\/\/www.parlemucorsu.corsica\/?s={search_term_string}"},"query-input":{"@type":"PropertyValueSpecification","valueRequired":true,"valueName":"search_term_string"}}],"inLanguage":"cc-Cc"},{"@type":"Organization","@id":"https:\/\/www.parlemucorsu.corsica\/#organization","name":"Parlemu Corsu !","url":"https:\/\/www.parlemucorsu.corsica\/","logo":{"@type":"ImageObject","inLanguage":"cc-Cc","@id":"https:\/\/www.parlemucorsu.corsica\/#\/schema\/logo\/image\/","url":"https:\/\/www.parlemucorsu.corsica\/wp-content\/uploads\/2025\/10\/Logo-Parlemu-Corsu.png","contentUrl":"https:\/\/www.parlemucorsu.corsica\/wp-content\/uploads\/2025\/10\/Logo-Parlemu-Corsu.png","width":494,"height":579,"caption":"Parlemu Corsu !"},"image":{"@id":"https:\/\/www.parlemucorsu.corsica\/#\/schema\/logo\/image\/"},"sameAs":["https:\/\/www.facebook.com\/cullittivuparlemucorsu\/","https:\/\/x.com\/parlemucorsu","https:\/\/www.instagram.com\/parlemu_corsu\/"]},{"@type":"Person","@id":"https:\/\/www.parlemucorsu.corsica\/#\/schema\/person\/91b9eb47eb7c965eabd0f704af42e869","name":"Micheli Leccia","image":{"@type":"ImageObject","inLanguage":"cc-Cc","@id":"https:\/\/secure.gravatar.com\/avatar\/f8177194ccd8b7362121ce83ff5d71e876b7954fa46592a57681c1f6606fc56d?s=96&d=mm&r=g","url":"https:\/\/secure.gravatar.com\/avatar\/f8177194ccd8b7362121ce83ff5d71e876b7954fa46592a57681c1f6606fc56d?s=96&d=mm&r=g","contentUrl":"https:\/\/secure.gravatar.com\/avatar\/f8177194ccd8b7362121ce83ff5d71e876b7954fa46592a57681c1f6606fc56d?s=96&d=mm&r=g","caption":"Micheli Leccia"},"url":"https:\/\/www.parlemucorsu.corsica\/cc\/author\/micheli-leccia\/"}]}},"_links":{"self":[{"href":"https:\/\/www.parlemucorsu.corsica\/cc\/wp-json\/wp\/v2\/posts\/1928","targetHints":{"allow":["GET"]}}],"collection":[{"href":"https:\/\/www.parlemucorsu.corsica\/cc\/wp-json\/wp\/v2\/posts"}],"about":[{"href":"https:\/\/www.parlemucorsu.corsica\/cc\/wp-json\/wp\/v2\/types\/post"}],"author":[{"embeddable":true,"href":"https:\/\/www.parlemucorsu.corsica\/cc\/wp-json\/wp\/v2\/users\/4"}],"replies":[{"embeddable":true,"href":"https:\/\/www.parlemucorsu.corsica\/cc\/wp-json\/wp\/v2\/comments?post=1928"}],"version-history":[{"count":2,"href":"https:\/\/www.parlemucorsu.corsica\/cc\/wp-json\/wp\/v2\/posts\/1928\/revisions"}],"predecessor-version":[{"id":12386,"href":"https:\/\/www.parlemucorsu.corsica\/cc\/wp-json\/wp\/v2\/posts\/1928\/revisions\/12386"}],"wp:attachment":[{"href":"https:\/\/www.parlemucorsu.corsica\/cc\/wp-json\/wp\/v2\/media?parent=1928"}],"wp:term":[{"taxonomy":"category","embeddable":true,"href":"https:\/\/www.parlemucorsu.corsica\/cc\/wp-json\/wp\/v2\/categories?post=1928"},{"taxonomy":"post_tag","embeddable":true,"href":"https:\/\/www.parlemucorsu.corsica\/cc\/wp-json\/wp\/v2\/tags?post=1928"}],"curies":[{"name":"wp","href":"https:\/\/api.w.org\/{rel}","templated":true}]}}