{"id":13059,"date":"2026-04-15T10:20:52","date_gmt":"2026-04-15T08:20:52","guid":{"rendered":"https:\/\/www.parlemucorsu.corsica\/uncategorized-cc\/idialmondu\/"},"modified":"2026-04-15T11:02:19","modified_gmt":"2026-04-15T09:02:19","slug":"idialmondu","status":"publish","type":"post","link":"https:\/\/www.parlemucorsu.corsica\/cc\/prugetti\/idialmondu\/","title":{"rendered":"Idial&#8217;Mondu"},"content":{"rendered":"<div class=\"wpb-content-wrapper\"><p>[vc_row row_height_percent=&#8221;0&#8243; override_padding=&#8221;yes&#8221; h_padding=&#8221;2&#8243; top_padding=&#8221;3&#8243; bottom_padding=&#8221;3&#8243; back_color=&#8221;color-210407&#8243; overlay_alpha=&#8221;50&#8243; gutter_size=&#8221;3&#8243; column_width_percent=&#8221;100&#8243; shift_y=&#8221;0&#8243; z_index=&#8221;0&#8243; content_parallax=&#8221;0&#8243; uncode_shortcode_id=&#8221;132835&#8243; back_color_type=&#8221;uncode-palette&#8221;][vc_column column_width_percent=&#8221;100&#8243; gutter_size=&#8221;3&#8243; style=&#8221;dark&#8221; overlay_alpha=&#8221;50&#8243; shift_x=&#8221;0&#8243; shift_y=&#8221;0&#8243; shift_y_down=&#8221;0&#8243; z_index=&#8221;0&#8243; medium_width=&#8221;0&#8243; mobile_width=&#8221;0&#8243; uncode_shortcode_id=&#8221;369336&#8243;][vc_custom_heading auto_text=&#8221;yes&#8221; heading_semantic=&#8221;h1&#8243; uncode_shortcode_id=&#8221;174413&#8243;][\/vc_custom_heading][\/vc_column][\/vc_row][vc_row row_height_percent=&#8221;0&#8243; override_padding=&#8221;yes&#8221; h_padding=&#8221;2&#8243; top_padding=&#8221;3&#8243; bottom_padding=&#8221;3&#8243; overlay_alpha=&#8221;50&#8243; gutter_size=&#8221;3&#8243; column_width_percent=&#8221;100&#8243; shift_y=&#8221;0&#8243; z_index=&#8221;0&#8243; content_parallax=&#8221;0&#8243; uncode_shortcode_id=&#8221;162719&#8243;][vc_column width=&#8221;1\/1&#8243;][vc_column_text uncode_shortcode_id=&#8221;117035&#8243;]<strong>Mondu virtuale ritrattatu \u00e8 duve tuttu seria in lingua corsa \u00e0 u livellu omancu di a scrittura. Tandu \u00e0 u minimu prupone un paese, un centru cit\u00e0, un carrughju impurtente, un portu, un aeruportu, un locu d\u2019attivit\u00e0 spurtive\u2026 c\u00f9 i cumerci \u00e8 i so interiori cursizati.<\/strong><\/p>\n<p><strong>Publicu toccu<\/strong><strong> : <\/strong>millai d\u2019internzuti.<\/p>\n<p><strong>Interessu<\/strong><strong> : <\/strong><\/p>\n<ul>\n<li>dimustr\u00e0 ch\u00ec u corsu p\u00f2 esse visibile in ogni locu,<\/li>\n<li>mutiv\u00e0 e stituzione \u00e8 i cumercenti per generaliz\u00e0 da veru una signaletica reale in corsu.<\/li>\n<\/ul>\n<p><strong>Perspettive<\/strong><strong> : <\/strong><\/p>\n<ul>\n<li>accresce u numeru di i lochi c\u00f9 una signaletica corsa,<\/li>\n<li>permette \u00e0 clienti di cumerci\u00e0 in ligna \u00e0 traversu a signaletica corsa di u situ Idial\u2019mondu,<\/li>\n<li>arricchisce i lochi di a presenza d\u2019ulugramma ch\u00ec ponu aghjust\u00e0 a parola \u00e0 u scrittu \u00e8 svilupp\u00e0 un <em>metaversu<\/em><strong><em>,<\/em><\/strong><\/li>\n<li>pass\u00e0 da u virtuali \u00e0 u riali.<\/li>\n<\/ul>\n<p>[\/vc_column_text][\/vc_column][\/vc_row]<\/p>\n<\/div>","protected":false},"excerpt":{"rendered":"<p>Mondu virtuale ritrattatu \u00e8 duve tuttu seria in lingua corsa \u00e0 u livellu omancu di a scrittura.<\/p>\n","protected":false},"author":4,"featured_media":10649,"comment_status":"closed","ping_status":"closed","sticky":false,"template":"","format":"standard","meta":{"footnotes":""},"categories":[149],"tags":[],"class_list":["post-13059","post","type-post","status-publish","format-standard","has-post-thumbnail","hentry","category-prugetti"],"yoast_head":"<!-- This site is optimized with the Yoast SEO plugin v27.4 - https:\/\/yoast.com\/product\/yoast-seo-wordpress\/ -->\n<title>Idial&#039;Mondu |<\/title>\n<meta name=\"description\" content=\"Collectif pour le faire vivre et d\u00e9velopper la langue corse.\" \/>\n<meta name=\"robots\" content=\"index, follow, max-snippet:-1, max-image-preview:large, max-video-preview:-1\" \/>\n<link rel=\"canonical\" href=\"https:\/\/www.parlemucorsu.corsica\/cc\/prugetti\/idialmondu\/\" \/>\n<meta property=\"og:locale\" content=\"en_US\" \/>\n<meta property=\"og:type\" content=\"article\" \/>\n<meta property=\"og:title\" content=\"Idial&#039;Mondu |\" \/>\n<meta property=\"og:description\" content=\"Collectif pour le faire vivre et d\u00e9velopper la langue corse.\" \/>\n<meta property=\"og:url\" content=\"https:\/\/www.parlemucorsu.corsica\/cc\/prugetti\/idialmondu\/\" \/>\n<meta property=\"og:site_name\" content=\"Parlemu Corsu\" \/>\n<meta property=\"article:publisher\" content=\"https:\/\/www.facebook.com\/cullittivuparlemucorsu\/\" \/>\n<meta property=\"article:published_time\" content=\"2026-04-15T08:20:52+00:00\" \/>\n<meta property=\"article:modified_time\" content=\"2026-04-15T09:02:19+00:00\" \/>\n<meta property=\"og:image\" content=\"https:\/\/www.parlemucorsu.corsica\/wp-content\/uploads\/2020\/11\/Logo-IdialMondu.jpg\" \/>\n\t<meta property=\"og:image:width\" content=\"1600\" \/>\n\t<meta property=\"og:image:height\" content=\"1600\" \/>\n\t<meta property=\"og:image:type\" content=\"image\/jpeg\" \/>\n<meta name=\"author\" content=\"Micheli Leccia\" \/>\n<meta name=\"twitter:card\" content=\"summary_large_image\" \/>\n<meta name=\"twitter:creator\" content=\"@parlemucorsu\" \/>\n<meta name=\"twitter:site\" content=\"@parlemucorsu\" \/>\n<meta name=\"twitter:label1\" content=\"Written by\" \/>\n\t<meta name=\"twitter:data1\" content=\"Micheli Leccia\" \/>\n\t<meta name=\"twitter:label2\" content=\"Est. reading time\" \/>\n\t<meta name=\"twitter:data2\" content=\"2 minutes\" \/>\n<script type=\"application\/ld+json\" class=\"yoast-schema-graph\">{\"@context\":\"https:\\\/\\\/schema.org\",\"@graph\":[{\"@type\":\"Article\",\"@id\":\"https:\\\/\\\/www.parlemucorsu.corsica\\\/cc\\\/prugetti\\\/idialmondu\\\/#article\",\"isPartOf\":{\"@id\":\"https:\\\/\\\/www.parlemucorsu.corsica\\\/cc\\\/prugetti\\\/idialmondu\\\/\"},\"author\":{\"name\":\"Micheli Leccia\",\"@id\":\"https:\\\/\\\/www.parlemucorsu.corsica\\\/#\\\/schema\\\/person\\\/91b9eb47eb7c965eabd0f704af42e869\"},\"headline\":\"Idial&#8217;Mondu\",\"datePublished\":\"2026-04-15T08:20:52+00:00\",\"dateModified\":\"2026-04-15T09:02:19+00:00\",\"mainEntityOfPage\":{\"@id\":\"https:\\\/\\\/www.parlemucorsu.corsica\\\/cc\\\/prugetti\\\/idialmondu\\\/\"},\"wordCount\":254,\"publisher\":{\"@id\":\"https:\\\/\\\/www.parlemucorsu.corsica\\\/#organization\"},\"image\":{\"@id\":\"https:\\\/\\\/www.parlemucorsu.corsica\\\/cc\\\/prugetti\\\/idialmondu\\\/#primaryimage\"},\"thumbnailUrl\":\"https:\\\/\\\/www.parlemucorsu.corsica\\\/wp-content\\\/uploads\\\/2020\\\/11\\\/Logo-IdialMondu.jpg\",\"articleSection\":[\"Prugetti\"],\"inLanguage\":\"cc-Cc\"},{\"@type\":\"WebPage\",\"@id\":\"https:\\\/\\\/www.parlemucorsu.corsica\\\/cc\\\/prugetti\\\/idialmondu\\\/\",\"url\":\"https:\\\/\\\/www.parlemucorsu.corsica\\\/cc\\\/prugetti\\\/idialmondu\\\/\",\"name\":\"Idial'Mondu |\",\"isPartOf\":{\"@id\":\"https:\\\/\\\/www.parlemucorsu.corsica\\\/#website\"},\"primaryImageOfPage\":{\"@id\":\"https:\\\/\\\/www.parlemucorsu.corsica\\\/cc\\\/prugetti\\\/idialmondu\\\/#primaryimage\"},\"image\":{\"@id\":\"https:\\\/\\\/www.parlemucorsu.corsica\\\/cc\\\/prugetti\\\/idialmondu\\\/#primaryimage\"},\"thumbnailUrl\":\"https:\\\/\\\/www.parlemucorsu.corsica\\\/wp-content\\\/uploads\\\/2020\\\/11\\\/Logo-IdialMondu.jpg\",\"datePublished\":\"2026-04-15T08:20:52+00:00\",\"dateModified\":\"2026-04-15T09:02:19+00:00\",\"description\":\"Collectif pour le faire vivre et d\u00e9velopper la langue corse.\",\"breadcrumb\":{\"@id\":\"https:\\\/\\\/www.parlemucorsu.corsica\\\/cc\\\/prugetti\\\/idialmondu\\\/#breadcrumb\"},\"inLanguage\":\"cc-Cc\",\"potentialAction\":[{\"@type\":\"ReadAction\",\"target\":[\"https:\\\/\\\/www.parlemucorsu.corsica\\\/cc\\\/prugetti\\\/idialmondu\\\/\"]}]},{\"@type\":\"ImageObject\",\"inLanguage\":\"cc-Cc\",\"@id\":\"https:\\\/\\\/www.parlemucorsu.corsica\\\/cc\\\/prugetti\\\/idialmondu\\\/#primaryimage\",\"url\":\"https:\\\/\\\/www.parlemucorsu.corsica\\\/wp-content\\\/uploads\\\/2020\\\/11\\\/Logo-IdialMondu.jpg\",\"contentUrl\":\"https:\\\/\\\/www.parlemucorsu.corsica\\\/wp-content\\\/uploads\\\/2020\\\/11\\\/Logo-IdialMondu.jpg\",\"width\":1600,\"height\":1600,\"caption\":\"Logo Idial'Mondu\"},{\"@type\":\"BreadcrumbList\",\"@id\":\"https:\\\/\\\/www.parlemucorsu.corsica\\\/cc\\\/prugetti\\\/idialmondu\\\/#breadcrumb\",\"itemListElement\":[{\"@type\":\"ListItem\",\"position\":1,\"name\":\"Accueil\",\"item\":\"https:\\\/\\\/www.parlemucorsu.corsica\\\/cc\\\/\"},{\"@type\":\"ListItem\",\"position\":2,\"name\":\"Idial&rsquo;Mondu\"}]},{\"@type\":\"WebSite\",\"@id\":\"https:\\\/\\\/www.parlemucorsu.corsica\\\/#website\",\"url\":\"https:\\\/\\\/www.parlemucorsu.corsica\\\/\",\"name\":\"Parlemu Corsu !\",\"description\":\"\",\"publisher\":{\"@id\":\"https:\\\/\\\/www.parlemucorsu.corsica\\\/#organization\"},\"potentialAction\":[{\"@type\":\"SearchAction\",\"target\":{\"@type\":\"EntryPoint\",\"urlTemplate\":\"https:\\\/\\\/www.parlemucorsu.corsica\\\/?s={search_term_string}\"},\"query-input\":{\"@type\":\"PropertyValueSpecification\",\"valueRequired\":true,\"valueName\":\"search_term_string\"}}],\"inLanguage\":\"cc-Cc\"},{\"@type\":\"Organization\",\"@id\":\"https:\\\/\\\/www.parlemucorsu.corsica\\\/#organization\",\"name\":\"Parlemu Corsu !\",\"url\":\"https:\\\/\\\/www.parlemucorsu.corsica\\\/\",\"logo\":{\"@type\":\"ImageObject\",\"inLanguage\":\"cc-Cc\",\"@id\":\"https:\\\/\\\/www.parlemucorsu.corsica\\\/#\\\/schema\\\/logo\\\/image\\\/\",\"url\":\"https:\\\/\\\/www.parlemucorsu.corsica\\\/wp-content\\\/uploads\\\/2025\\\/10\\\/Logo-Parlemu-Corsu.png\",\"contentUrl\":\"https:\\\/\\\/www.parlemucorsu.corsica\\\/wp-content\\\/uploads\\\/2025\\\/10\\\/Logo-Parlemu-Corsu.png\",\"width\":494,\"height\":579,\"caption\":\"Parlemu Corsu !\"},\"image\":{\"@id\":\"https:\\\/\\\/www.parlemucorsu.corsica\\\/#\\\/schema\\\/logo\\\/image\\\/\"},\"sameAs\":[\"https:\\\/\\\/www.facebook.com\\\/cullittivuparlemucorsu\\\/\",\"https:\\\/\\\/x.com\\\/parlemucorsu\",\"https:\\\/\\\/www.instagram.com\\\/parlemu_corsu\\\/\"]},{\"@type\":\"Person\",\"@id\":\"https:\\\/\\\/www.parlemucorsu.corsica\\\/#\\\/schema\\\/person\\\/91b9eb47eb7c965eabd0f704af42e869\",\"name\":\"Micheli Leccia\",\"image\":{\"@type\":\"ImageObject\",\"inLanguage\":\"cc-Cc\",\"@id\":\"https:\\\/\\\/secure.gravatar.com\\\/avatar\\\/f8177194ccd8b7362121ce83ff5d71e876b7954fa46592a57681c1f6606fc56d?s=96&d=mm&r=g\",\"url\":\"https:\\\/\\\/secure.gravatar.com\\\/avatar\\\/f8177194ccd8b7362121ce83ff5d71e876b7954fa46592a57681c1f6606fc56d?s=96&d=mm&r=g\",\"contentUrl\":\"https:\\\/\\\/secure.gravatar.com\\\/avatar\\\/f8177194ccd8b7362121ce83ff5d71e876b7954fa46592a57681c1f6606fc56d?s=96&d=mm&r=g\",\"caption\":\"Micheli Leccia\"},\"url\":\"https:\\\/\\\/www.parlemucorsu.corsica\\\/cc\\\/author\\\/micheli-leccia\\\/\"}]}<\/script>\n<!-- \/ Yoast SEO plugin. -->","yoast_head_json":{"title":"Idial'Mondu |","description":"Collectif pour le faire vivre et d\u00e9velopper la langue corse.","robots":{"index":"index","follow":"follow","max-snippet":"max-snippet:-1","max-image-preview":"max-image-preview:large","max-video-preview":"max-video-preview:-1"},"canonical":"https:\/\/www.parlemucorsu.corsica\/cc\/prugetti\/idialmondu\/","og_locale":"en_US","og_type":"article","og_title":"Idial'Mondu |","og_description":"Collectif pour le faire vivre et d\u00e9velopper la langue corse.","og_url":"https:\/\/www.parlemucorsu.corsica\/cc\/prugetti\/idialmondu\/","og_site_name":"Parlemu Corsu","article_publisher":"https:\/\/www.facebook.com\/cullittivuparlemucorsu\/","article_published_time":"2026-04-15T08:20:52+00:00","article_modified_time":"2026-04-15T09:02:19+00:00","og_image":[{"width":1600,"height":1600,"url":"https:\/\/www.parlemucorsu.corsica\/wp-content\/uploads\/2020\/11\/Logo-IdialMondu.jpg","type":"image\/jpeg"}],"author":"Micheli Leccia","twitter_card":"summary_large_image","twitter_creator":"@parlemucorsu","twitter_site":"@parlemucorsu","twitter_misc":{"Written by":"Micheli Leccia","Est. reading time":"2 minutes"},"schema":{"@context":"https:\/\/schema.org","@graph":[{"@type":"Article","@id":"https:\/\/www.parlemucorsu.corsica\/cc\/prugetti\/idialmondu\/#article","isPartOf":{"@id":"https:\/\/www.parlemucorsu.corsica\/cc\/prugetti\/idialmondu\/"},"author":{"name":"Micheli Leccia","@id":"https:\/\/www.parlemucorsu.corsica\/#\/schema\/person\/91b9eb47eb7c965eabd0f704af42e869"},"headline":"Idial&#8217;Mondu","datePublished":"2026-04-15T08:20:52+00:00","dateModified":"2026-04-15T09:02:19+00:00","mainEntityOfPage":{"@id":"https:\/\/www.parlemucorsu.corsica\/cc\/prugetti\/idialmondu\/"},"wordCount":254,"publisher":{"@id":"https:\/\/www.parlemucorsu.corsica\/#organization"},"image":{"@id":"https:\/\/www.parlemucorsu.corsica\/cc\/prugetti\/idialmondu\/#primaryimage"},"thumbnailUrl":"https:\/\/www.parlemucorsu.corsica\/wp-content\/uploads\/2020\/11\/Logo-IdialMondu.jpg","articleSection":["Prugetti"],"inLanguage":"cc-Cc"},{"@type":"WebPage","@id":"https:\/\/www.parlemucorsu.corsica\/cc\/prugetti\/idialmondu\/","url":"https:\/\/www.parlemucorsu.corsica\/cc\/prugetti\/idialmondu\/","name":"Idial'Mondu |","isPartOf":{"@id":"https:\/\/www.parlemucorsu.corsica\/#website"},"primaryImageOfPage":{"@id":"https:\/\/www.parlemucorsu.corsica\/cc\/prugetti\/idialmondu\/#primaryimage"},"image":{"@id":"https:\/\/www.parlemucorsu.corsica\/cc\/prugetti\/idialmondu\/#primaryimage"},"thumbnailUrl":"https:\/\/www.parlemucorsu.corsica\/wp-content\/uploads\/2020\/11\/Logo-IdialMondu.jpg","datePublished":"2026-04-15T08:20:52+00:00","dateModified":"2026-04-15T09:02:19+00:00","description":"Collectif pour le faire vivre et d\u00e9velopper la langue corse.","breadcrumb":{"@id":"https:\/\/www.parlemucorsu.corsica\/cc\/prugetti\/idialmondu\/#breadcrumb"},"inLanguage":"cc-Cc","potentialAction":[{"@type":"ReadAction","target":["https:\/\/www.parlemucorsu.corsica\/cc\/prugetti\/idialmondu\/"]}]},{"@type":"ImageObject","inLanguage":"cc-Cc","@id":"https:\/\/www.parlemucorsu.corsica\/cc\/prugetti\/idialmondu\/#primaryimage","url":"https:\/\/www.parlemucorsu.corsica\/wp-content\/uploads\/2020\/11\/Logo-IdialMondu.jpg","contentUrl":"https:\/\/www.parlemucorsu.corsica\/wp-content\/uploads\/2020\/11\/Logo-IdialMondu.jpg","width":1600,"height":1600,"caption":"Logo Idial'Mondu"},{"@type":"BreadcrumbList","@id":"https:\/\/www.parlemucorsu.corsica\/cc\/prugetti\/idialmondu\/#breadcrumb","itemListElement":[{"@type":"ListItem","position":1,"name":"Accueil","item":"https:\/\/www.parlemucorsu.corsica\/cc\/"},{"@type":"ListItem","position":2,"name":"Idial&rsquo;Mondu"}]},{"@type":"WebSite","@id":"https:\/\/www.parlemucorsu.corsica\/#website","url":"https:\/\/www.parlemucorsu.corsica\/","name":"Parlemu Corsu !","description":"","publisher":{"@id":"https:\/\/www.parlemucorsu.corsica\/#organization"},"potentialAction":[{"@type":"SearchAction","target":{"@type":"EntryPoint","urlTemplate":"https:\/\/www.parlemucorsu.corsica\/?s={search_term_string}"},"query-input":{"@type":"PropertyValueSpecification","valueRequired":true,"valueName":"search_term_string"}}],"inLanguage":"cc-Cc"},{"@type":"Organization","@id":"https:\/\/www.parlemucorsu.corsica\/#organization","name":"Parlemu Corsu !","url":"https:\/\/www.parlemucorsu.corsica\/","logo":{"@type":"ImageObject","inLanguage":"cc-Cc","@id":"https:\/\/www.parlemucorsu.corsica\/#\/schema\/logo\/image\/","url":"https:\/\/www.parlemucorsu.corsica\/wp-content\/uploads\/2025\/10\/Logo-Parlemu-Corsu.png","contentUrl":"https:\/\/www.parlemucorsu.corsica\/wp-content\/uploads\/2025\/10\/Logo-Parlemu-Corsu.png","width":494,"height":579,"caption":"Parlemu Corsu !"},"image":{"@id":"https:\/\/www.parlemucorsu.corsica\/#\/schema\/logo\/image\/"},"sameAs":["https:\/\/www.facebook.com\/cullittivuparlemucorsu\/","https:\/\/x.com\/parlemucorsu","https:\/\/www.instagram.com\/parlemu_corsu\/"]},{"@type":"Person","@id":"https:\/\/www.parlemucorsu.corsica\/#\/schema\/person\/91b9eb47eb7c965eabd0f704af42e869","name":"Micheli Leccia","image":{"@type":"ImageObject","inLanguage":"cc-Cc","@id":"https:\/\/secure.gravatar.com\/avatar\/f8177194ccd8b7362121ce83ff5d71e876b7954fa46592a57681c1f6606fc56d?s=96&d=mm&r=g","url":"https:\/\/secure.gravatar.com\/avatar\/f8177194ccd8b7362121ce83ff5d71e876b7954fa46592a57681c1f6606fc56d?s=96&d=mm&r=g","contentUrl":"https:\/\/secure.gravatar.com\/avatar\/f8177194ccd8b7362121ce83ff5d71e876b7954fa46592a57681c1f6606fc56d?s=96&d=mm&r=g","caption":"Micheli Leccia"},"url":"https:\/\/www.parlemucorsu.corsica\/cc\/author\/micheli-leccia\/"}]}},"_links":{"self":[{"href":"https:\/\/www.parlemucorsu.corsica\/cc\/wp-json\/wp\/v2\/posts\/13059","targetHints":{"allow":["GET"]}}],"collection":[{"href":"https:\/\/www.parlemucorsu.corsica\/cc\/wp-json\/wp\/v2\/posts"}],"about":[{"href":"https:\/\/www.parlemucorsu.corsica\/cc\/wp-json\/wp\/v2\/types\/post"}],"author":[{"embeddable":true,"href":"https:\/\/www.parlemucorsu.corsica\/cc\/wp-json\/wp\/v2\/users\/4"}],"replies":[{"embeddable":true,"href":"https:\/\/www.parlemucorsu.corsica\/cc\/wp-json\/wp\/v2\/comments?post=13059"}],"version-history":[{"count":3,"href":"https:\/\/www.parlemucorsu.corsica\/cc\/wp-json\/wp\/v2\/posts\/13059\/revisions"}],"predecessor-version":[{"id":13099,"href":"https:\/\/www.parlemucorsu.corsica\/cc\/wp-json\/wp\/v2\/posts\/13059\/revisions\/13099"}],"wp:featuredmedia":[{"embeddable":true,"href":"https:\/\/www.parlemucorsu.corsica\/cc\/wp-json\/wp\/v2\/media\/10649"}],"wp:attachment":[{"href":"https:\/\/www.parlemucorsu.corsica\/cc\/wp-json\/wp\/v2\/media?parent=13059"}],"wp:term":[{"taxonomy":"category","embeddable":true,"href":"https:\/\/www.parlemucorsu.corsica\/cc\/wp-json\/wp\/v2\/categories?post=13059"},{"taxonomy":"post_tag","embeddable":true,"href":"https:\/\/www.parlemucorsu.corsica\/cc\/wp-json\/wp\/v2\/tags?post=13059"}],"curies":[{"name":"wp","href":"https:\/\/api.w.org\/{rel}","templated":true}]}}